{"id":5640,"date":"2024-11-29T15:37:17","date_gmt":"2024-11-29T15:37:17","guid":{"rendered":"https:\/\/bioliving.pt\/?p=5640"},"modified":"2025-03-12T16:55:55","modified_gmt":"2025-03-12T16:55:55","slug":"como-e-que-o-envelhecimento-saudavel-e-a-conservacao-da-natureza-se-relacionam","status":"publish","type":"post","link":"https:\/\/bioliving.pt\/en\/como-e-que-o-envelhecimento-saudavel-e-a-conservacao-da-natureza-se-relacionam\/","title":{"rendered":"How are healthy ageing and nature conservation related?"},"content":{"rendered":"<div data-elementor-type=\"wp-post\" data-elementor-id=\"5640\" class=\"elementor elementor-5640\" data-elementor-settings=\"{&quot;ha_cmc_init_switcher&quot;:&quot;no&quot;}\">\n\t\t\t\t<div class=\"elementor-element elementor-element-1733c9fb e-flex e-con-boxed e-con e-parent\" data-id=\"1733c9fb\" data-element_type=\"container\" data-e-type=\"container\">\n\t\t\t\t\t<div class=\"e-con-inner\">\n\t\t\t\t<div class=\"elementor-element elementor-element-2a50778d elementor-widget elementor-widget-text-editor\" data-id=\"2a50778d\" data-element_type=\"widget\" data-e-type=\"widget\" data-widget_type=\"text-editor.default\">\n\t\t\t\t<div class=\"elementor-widget-container\">\n\t\t\t\t\t\t\t\t\t<p><em>Population ageing is a global challenge with social, economic and health impacts. Due to low birth rates and increasing average life expectancy, Europe is facing a growing ageing population. This scenario calls for concrete actions to ensure that the senior population remains active in society.  At the same time, environmental protection and the fight against climate change require the participation of society as a whole.\u00a0<\/em><\/p>\t\t\t\t\t\t\t\t<\/div>\n\t\t\t\t<\/div>\n\t\t\t\t\t<\/div>\n\t\t\t\t<\/div>\n\t\t<div class=\"elementor-element elementor-element-0dbf21d e-flex e-con-boxed e-con e-parent\" data-id=\"0dbf21d\" data-element_type=\"container\" data-e-type=\"container\">\n\t\t\t\t\t<div class=\"e-con-inner\">\n\t\t\t\t<div class=\"elementor-element elementor-element-2e6e8a1 elementor-widget elementor-widget-text-editor\" data-id=\"2e6e8a1\" data-element_type=\"widget\" data-e-type=\"widget\" data-widget_type=\"text-editor.default\">\n\t\t\t\t<div class=\"elementor-widget-container\">\n\t\t\t\t\t\t\t\t\t<p>In Portugal, we are the fourth country in the European Union with the highest percentage of elderly people living alone. Social isolation is a growing problem, and environmental volunteering can be a powerful tool to fight this reality. Involving seniors in nature conservation activities allows them to feel valued, productive and connected to the community, promoting healthier ageing.<\/p>\n<p>\u00a0<\/p>\n<p><em>Grey4Green \u2013 Senior volunteers for nature conservation<\/em> is a project co-funded by the Erasmus+ programme whose main aim is to involve senior citizens in environmental volunteering programmes, promoting their active participation in society and encouraging intergenerationality. It also aims to train professionals in the senior citizens sector to develop and implement initiatives that reconcile the well-being of the elderly with environmental actions.<\/p>\n<p>\u00a0<\/p>\n<p>The Grey4Green project is based on BioLiving's experience in working with the elderly population, which began with the Albergaria + Ativa project, which involved four parishes in Albergaria-a-Velha and promoted activities such as intergenerational games, environmental awareness actions and sowing and planting workshops. Now, Grey4Green is extending this mission to a European level, creating new opportunities for senior citizens to take part in meaningful environmental actions.<\/p>\t\t\t\t\t\t\t\t<\/div>\n\t\t\t\t<\/div>\n\t\t\t\t<div class=\"elementor-element elementor-element-4a6c11f elementor-widget elementor-widget-image\" data-id=\"4a6c11f\" data-element_type=\"widget\" data-e-type=\"widget\" data-widget_type=\"image.default\">\n\t\t\t\t<div class=\"elementor-widget-container\">\n\t\t\t\t\t\t\t\t\t\t\t\t\t\t\t<img fetchpriority=\"high\" decoding=\"async\" width=\"768\" height=\"1024\" src=\"https:\/\/bioliving.pt\/wp-content\/uploads\/2025\/03\/438855559_843406077830426_6246783583034197169_n-768x1024.jpg\" class=\"attachment-medium_large size-medium_large wp-image-5641\" alt=\"\" srcset=\"https:\/\/bioliving.pt\/wp-content\/uploads\/2025\/03\/438855559_843406077830426_6246783583034197169_n-768x1024.jpg 768w, https:\/\/bioliving.pt\/wp-content\/uploads\/2025\/03\/438855559_843406077830426_6246783583034197169_n-225x300.jpg 225w, https:\/\/bioliving.pt\/wp-content\/uploads\/2025\/03\/438855559_843406077830426_6246783583034197169_n-1152x1536.jpg 1152w, https:\/\/bioliving.pt\/wp-content\/uploads\/2025\/03\/438855559_843406077830426_6246783583034197169_n-9x12.jpg 9w, https:\/\/bioliving.pt\/wp-content\/uploads\/2025\/03\/438855559_843406077830426_6246783583034197169_n.jpg 1200w\" sizes=\"(max-width: 768px) 100vw, 768px\" \/>\t\t\t\t\t\t\t\t\t\t\t\t\t\t\t<\/div>\n\t\t\t\t<\/div>\n\t\t\t\t\t<\/div>\n\t\t\t\t<\/div>\n\t\t<div class=\"elementor-element elementor-element-b4622c5 e-flex e-con-boxed e-con e-parent\" data-id=\"b4622c5\" data-element_type=\"container\" data-e-type=\"container\">\n\t\t\t\t\t<div class=\"e-con-inner\">\n\t\t\t\t<div class=\"elementor-element elementor-element-0c7125d elementor-widget elementor-widget-text-editor\" data-id=\"0c7125d\" data-element_type=\"widget\" data-e-type=\"widget\" data-widget_type=\"text-editor.default\">\n\t\t\t\t<div class=\"elementor-widget-container\">\n\t\t\t\t\t\t\t\t\t<p>Over almost three years of the project, Grey4Green has directly involved around 400 people in a wide variety of activities and events, such as two training courses, three senior mobility programmes and six multiplier events.<\/p>\n<p>\u00a0<\/p>\n<p>Among the various resources produced by the consortium, we highlight the Implementation Manual - Senior Volunteers in Nature, the Policy Paper for \u2018Unlocking the Potential of Active Ageing for Nature Conservation\u2019 and the Information Video Pack in English (you can check the resources for free at the <a href=\"https:\/\/grey4green.eu\/pt-pt\/\">project website here<\/a>).<\/p>\t\t\t\t\t\t\t\t<\/div>\n\t\t\t\t<\/div>\n\t\t\t\t\t<\/div>\n\t\t\t\t<\/div>\n\t\t<div class=\"elementor-element elementor-element-97c8775 e-grid e-con-full e-con e-parent\" data-id=\"97c8775\" data-element_type=\"container\" data-e-type=\"container\">\n\t\t<div class=\"elementor-element elementor-element-b247a38 e-flex e-con-boxed e-con e-child\" data-id=\"b247a38\" data-element_type=\"container\" data-e-type=\"container\">\n\t\t\t\t\t<div class=\"e-con-inner\">\n\t\t\t\t<div class=\"elementor-element elementor-element-4ca632d elementor-widget elementor-widget-image\" data-id=\"4ca632d\" data-element_type=\"widget\" data-e-type=\"widget\" data-widget_type=\"image.default\">\n\t\t\t\t<div class=\"elementor-widget-container\">\n\t\t\t\t\t\t\t\t\t\t\t\t\t\t\t<img decoding=\"async\" width=\"768\" height=\"576\" src=\"https:\/\/bioliving.pt\/wp-content\/uploads\/2025\/03\/450402114_897841262386907_8666763329351555938_n-768x576.jpg\" class=\"attachment-medium_large size-medium_large wp-image-5642\" alt=\"\" srcset=\"https:\/\/bioliving.pt\/wp-content\/uploads\/2025\/03\/450402114_897841262386907_8666763329351555938_n-768x576.jpg 768w, https:\/\/bioliving.pt\/wp-content\/uploads\/2025\/03\/450402114_897841262386907_8666763329351555938_n-300x225.jpg 300w, https:\/\/bioliving.pt\/wp-content\/uploads\/2025\/03\/450402114_897841262386907_8666763329351555938_n-1024x768.jpg 1024w, https:\/\/bioliving.pt\/wp-content\/uploads\/2025\/03\/450402114_897841262386907_8666763329351555938_n-16x12.jpg 16w, https:\/\/bioliving.pt\/wp-content\/uploads\/2025\/03\/450402114_897841262386907_8666763329351555938_n.jpg 1280w\" sizes=\"(max-width: 768px) 100vw, 768px\" \/>\t\t\t\t\t\t\t\t\t\t\t\t\t\t\t<\/div>\n\t\t\t\t<\/div>\n\t\t\t\t\t<\/div>\n\t\t\t\t<\/div>\n\t\t\t\t<div class=\"elementor-element elementor-element-34e4419 elementor-widget elementor-widget-image\" data-id=\"34e4419\" data-element_type=\"widget\" data-e-type=\"widget\" data-widget_type=\"image.default\">\n\t\t\t\t<div class=\"elementor-widget-container\">\n\t\t\t\t\t\t\t\t\t\t\t\t\t\t\t<img decoding=\"async\" width=\"768\" height=\"576\" src=\"https:\/\/bioliving.pt\/wp-content\/uploads\/2025\/03\/450540267_897841162386917_8221891454921429102_n-1-768x576.jpg\" class=\"attachment-medium_large size-medium_large wp-image-5643\" alt=\"\" srcset=\"https:\/\/bioliving.pt\/wp-content\/uploads\/2025\/03\/450540267_897841162386917_8221891454921429102_n-1-768x576.jpg 768w, https:\/\/bioliving.pt\/wp-content\/uploads\/2025\/03\/450540267_897841162386917_8221891454921429102_n-1-300x225.jpg 300w, https:\/\/bioliving.pt\/wp-content\/uploads\/2025\/03\/450540267_897841162386917_8221891454921429102_n-1-1024x768.jpg 1024w, https:\/\/bioliving.pt\/wp-content\/uploads\/2025\/03\/450540267_897841162386917_8221891454921429102_n-1-16x12.jpg 16w, https:\/\/bioliving.pt\/wp-content\/uploads\/2025\/03\/450540267_897841162386917_8221891454921429102_n-1.jpg 1280w\" sizes=\"(max-width: 768px) 100vw, 768px\" \/>\t\t\t\t\t\t\t\t\t\t\t\t\t\t\t<\/div>\n\t\t\t\t<\/div>\n\t\t\t\t<\/div>\n\t\t<div class=\"elementor-element elementor-element-062fbc0 e-flex e-con-boxed e-con e-parent\" data-id=\"062fbc0\" data-element_type=\"container\" data-e-type=\"container\">\n\t\t\t\t\t<div class=\"e-con-inner\">\n\t\t<div class=\"elementor-element elementor-element-9cf36f2 e-con-full e-flex e-con e-child\" data-id=\"9cf36f2\" data-element_type=\"container\" data-e-type=\"container\">\n\t\t\t\t<div class=\"elementor-element elementor-element-b734cb5 elementor-widget elementor-widget-text-editor\" data-id=\"b734cb5\" data-element_type=\"widget\" data-e-type=\"widget\" data-widget_type=\"text-editor.default\">\n\t\t\t\t<div class=\"elementor-widget-container\">\n\t\t\t\t\t\t\t\t\t<div data-breakout=\"normal\">\n<p>BioLiving's work on social inclusion for seniors and nature conservation has shown that it is possible to combine environmental protection with the well-being of the elderly, creating opportunities for a more meaningful ageing. By valuing the experience and knowledge of the senior population and promoting their participation in society, we contribute to more inclusive and resilient communities.<\/p>\n<\/div>\t\t\t\t\t\t\t\t<\/div>\n\t\t\t\t<\/div>\n\t\t\t\t<div class=\"elementor-element elementor-element-0998d5d elementor-widget elementor-widget-text-editor\" data-id=\"0998d5d\" data-element_type=\"widget\" data-e-type=\"widget\" data-widget_type=\"text-editor.default\">\n\t\t\t\t<div class=\"elementor-widget-container\">\n\t\t\t\t\t\t\t\t\t\n<p>\u00a0<\/p>\n\n<p class=\"has-medium-font-size\"><strong>About BioLiving:<\/strong><\/p>\n\n<p>Associa\u00e7\u00e3o BioLiving is an Environmental Non-Governmental Organisation (ONGA) whose work focuses on four areas of activity:<\/p>\n\n<p>\ud83c\udf31 Nature Conservation;<\/p>\n\n<p>\ud83c\udf31 Environmental Education and Training;<\/p>\n\n<p>\ud83c\udf31 Scientific and Technical Consultancy;<\/p>\n\n<p>\ud83c\udf31 Social Action and Inclusion.<\/p>\n\n<p>After more than a decade of work in favour of nature and environmental education, BioLiving was born in 2016 in Frossos, Albergaria-a-Velha, with the aim of bringing \u2018Nature and Education for All\u2019 to Portugal and abroad.<\/p>\n\n<p class=\"has-medium-font-size\"><a href=\"https:\/\/bioliving.pt\/en\/quem-somos\/\">Learn more here<\/a><\/p>\n\n<p>\u00a0<\/p>\n\t\t\t\t\t\t\t\t<\/div>\n\t\t\t\t<\/div>\n\t\t\t\t<\/div>\n\t\t\t\t\t<\/div>\n\t\t\t\t<\/div>\n\t\t\t\t<\/div>","protected":false},"excerpt":{"rendered":"<p>O envelhecimento da popula\u00e7\u00e3o \u00e9 um desafio global com impactos sociais, econ\u00f3micos e de sa\u00fade. Devido \u00e0s baixas taxas de natalidade e ao aumento da esperan\u00e7a m\u00e9dia de vida, a Europa enfrenta um crescente envelhecimento da popula\u00e7\u00e3o. Este cen\u00e1rio exige a\u00e7\u00f5es concretas para garantir que a popula\u00e7\u00e3o s\u00e9nior se mantenha ativa na sociedade.\u00a0 Ao mesmo [&hellip;]<\/p>\n","protected":false},"author":1,"featured_media":5642,"comment_status":"open","ping_status":"open","sticky":false,"template":"","format":"standard","meta":{"site-sidebar-layout":"default","site-content-layout":"","ast-site-content-layout":"default","site-content-style":"default","site-sidebar-style":"default","ast-global-header-display":"","ast-banner-title-visibility":"","ast-main-header-display":"","ast-hfb-above-header-display":"","ast-hfb-below-header-display":"","ast-hfb-mobile-header-display":"","site-post-title":"","ast-breadcrumbs-content":"","ast-featured-img":"disabled","footer-sml-layout":"","ast-disable-related-posts":"","theme-transparent-header-meta":"","adv-header-id-meta":"","stick-header-meta":"","header-above-stick-meta":"","header-main-stick-meta":"","header-below-stick-meta":"","astra-migrate-meta-layouts":"set","ast-page-background-enabled":"default","ast-page-background-meta":{"desktop":{"background-color":"var(--ast-global-color-4)","background-image":"","background-repeat":"repeat","background-position":"center center","background-size":"auto","background-attachment":"scroll","background-type":"","background-media":"","overlay-type":"","overlay-color":"","overlay-opacity":"","overlay-gradient":""},"tablet":{"background-color":"","background-image":"","background-repeat":"repeat","background-position":"center center","background-size":"auto","background-attachment":"scroll","background-type":"","background-media":"","overlay-type":"","overlay-color":"","overlay-opacity":"","overlay-gradient":""},"mobile":{"background-color":"","background-image":"","background-repeat":"repeat","background-position":"center center","background-size":"auto","background-attachment":"scroll","background-type":"","background-media":"","overlay-type":"","overlay-color":"","overlay-opacity":"","overlay-gradient":""}},"ast-content-background-meta":{"desktop":{"background-color":"var(--ast-global-color-5)","background-image":"","background-repeat":"repeat","background-position":"center center","background-size":"auto","background-attachment":"scroll","background-type":"","background-media":"","overlay-type":"","overlay-color":"","overlay-opacity":"","overlay-gradient":""},"tablet":{"background-color":"var(--ast-global-color-5)","background-image":"","background-repeat":"repeat","background-position":"center center","background-size":"auto","background-attachment":"scroll","background-type":"","background-media":"","overlay-type":"","overlay-color":"","overlay-opacity":"","overlay-gradient":""},"mobile":{"background-color":"var(--ast-global-color-5)","background-image":"","background-repeat":"repeat","background-position":"center center","background-size":"auto","background-attachment":"scroll","background-type":"","background-media":"","overlay-type":"","overlay-color":"","overlay-opacity":"","overlay-gradient":""}},"iawp_total_views":67,"footnotes":""},"categories":[6],"tags":[66,32,42,21,34,67,23,65,31,68],"class_list":["post-5640","post","type-post","status-publish","format-standard","has-post-thumbnail","hentry","category-projetos-europeus","tag-albergaria-ativa","tag-ambiente","tag-biodiversidade","tag-conservacao-da-natureza","tag-educacao","tag-envelhecimento-saudavel","tag-erasmus","tag-grey4green","tag-natureza","tag-voluntariado"],"yoast_head":"<!-- This site is optimized with the Yoast SEO plugin v27.5 - https:\/\/yoast.com\/product\/yoast-seo-wordpress\/ -->\n<title>Como \u00e9 que o envelhecimento saud\u00e1vel e a conserva\u00e7\u00e3o da natureza se relacionam? - Associa\u00e7\u00e3o BioLiving<\/title>\n<meta name=\"description\" content=\"O envelhecimento da popula\u00e7\u00e3o \u00e9 um desafio global com impactos sociais, econ\u00f3micos e de sa\u00fade. Ao mesmo tempo, a prote\u00e7\u00e3o ambiental e a luta contra as altera\u00e7\u00f5es clim\u00e1ticas exigem a participa\u00e7\u00e3o de toda a sociedade.\" \/>\n<meta name=\"robots\" content=\"index, follow, max-snippet:-1, max-image-preview:large, max-video-preview:-1\" \/>\n<link rel=\"canonical\" href=\"https:\/\/bioliving.pt\/en\/como-e-que-o-envelhecimento-saudavel-e-a-conservacao-da-natureza-se-relacionam\/\" \/>\n<meta property=\"og:locale\" content=\"en_GB\" \/>\n<meta property=\"og:type\" content=\"article\" \/>\n<meta property=\"og:title\" content=\"Como \u00e9 que o envelhecimento saud\u00e1vel e a conserva\u00e7\u00e3o da natureza se relacionam? - Associa\u00e7\u00e3o BioLiving\" \/>\n<meta property=\"og:description\" content=\"O envelhecimento da popula\u00e7\u00e3o \u00e9 um desafio global com impactos sociais, econ\u00f3micos e de sa\u00fade. Ao mesmo tempo, a prote\u00e7\u00e3o ambiental e a luta contra as altera\u00e7\u00f5es clim\u00e1ticas exigem a participa\u00e7\u00e3o de toda a sociedade.\" \/>\n<meta property=\"og:url\" content=\"https:\/\/bioliving.pt\/en\/como-e-que-o-envelhecimento-saudavel-e-a-conservacao-da-natureza-se-relacionam\/\" \/>\n<meta property=\"og:site_name\" content=\"Associa\u00e7\u00e3o BioLiving\" \/>\n<meta property=\"article:published_time\" content=\"2024-11-29T15:37:17+00:00\" \/>\n<meta property=\"article:modified_time\" content=\"2025-03-12T16:55:55+00:00\" \/>\n<meta property=\"og:image\" content=\"https:\/\/bioliving.pt\/wp-content\/uploads\/2024\/09\/116336550_2918079315078768_3435946377123706547_n.jpg\" \/>\n\t<meta property=\"og:image:width\" content=\"1365\" \/>\n\t<meta property=\"og:image:height\" content=\"2048\" \/>\n\t<meta property=\"og:image:type\" content=\"image\/jpeg\" \/>\n<meta name=\"author\" content=\"bioliving-admin\" \/>\n<meta name=\"twitter:card\" content=\"summary_large_image\" \/>\n<meta name=\"twitter:label1\" content=\"Written by\" \/>\n\t<meta name=\"twitter:data1\" content=\"bioliving-admin\" \/>\n\t<meta name=\"twitter:label2\" content=\"Estimated reading time\" \/>\n\t<meta name=\"twitter:data2\" content=\"4 minutes\" \/>\n<script type=\"application\/ld+json\" class=\"yoast-schema-graph\">{\"@context\":\"https:\\\/\\\/schema.org\",\"@graph\":[{\"@type\":\"Article\",\"@id\":\"https:\\\/\\\/bioliving.pt\\\/como-e-que-o-envelhecimento-saudavel-e-a-conservacao-da-natureza-se-relacionam\\\/#article\",\"isPartOf\":{\"@id\":\"https:\\\/\\\/bioliving.pt\\\/como-e-que-o-envelhecimento-saudavel-e-a-conservacao-da-natureza-se-relacionam\\\/\"},\"author\":{\"name\":\"bioliving-admin\",\"@id\":\"https:\\\/\\\/bioliving.pt\\\/#\\\/schema\\\/person\\\/a31cc013e33e54e89006d88edeb5ac4c\"},\"headline\":\"Como \u00e9 que o envelhecimento saud\u00e1vel e a conserva\u00e7\u00e3o da natureza se relacionam?\",\"datePublished\":\"2024-11-29T15:37:17+00:00\",\"dateModified\":\"2025-03-12T16:55:55+00:00\",\"mainEntityOfPage\":{\"@id\":\"https:\\\/\\\/bioliving.pt\\\/como-e-que-o-envelhecimento-saudavel-e-a-conservacao-da-natureza-se-relacionam\\\/\"},\"wordCount\":564,\"commentCount\":0,\"image\":{\"@id\":\"https:\\\/\\\/bioliving.pt\\\/como-e-que-o-envelhecimento-saudavel-e-a-conservacao-da-natureza-se-relacionam\\\/#primaryimage\"},\"thumbnailUrl\":\"https:\\\/\\\/bioliving.pt\\\/wp-content\\\/uploads\\\/2025\\\/03\\\/450402114_897841262386907_8666763329351555938_n.jpg\",\"keywords\":[\"albergaria + ativa\",\"ambiente\",\"biodiversidade\",\"Conserva\u00e7\u00e3o da Natureza\",\"educa\u00e7\u00e3o\",\"envelhecimento saud\u00e1vel\",\"Erasmus+\",\"grey4green\",\"natureza\",\"voluntariado\"],\"articleSection\":[\"Projetos Europeus\"],\"inLanguage\":\"en-GB\",\"potentialAction\":[{\"@type\":\"CommentAction\",\"name\":\"Comment\",\"target\":[\"https:\\\/\\\/bioliving.pt\\\/como-e-que-o-envelhecimento-saudavel-e-a-conservacao-da-natureza-se-relacionam\\\/#respond\"]}]},{\"@type\":\"WebPage\",\"@id\":\"https:\\\/\\\/bioliving.pt\\\/como-e-que-o-envelhecimento-saudavel-e-a-conservacao-da-natureza-se-relacionam\\\/\",\"url\":\"https:\\\/\\\/bioliving.pt\\\/como-e-que-o-envelhecimento-saudavel-e-a-conservacao-da-natureza-se-relacionam\\\/\",\"name\":\"Como \u00e9 que o envelhecimento saud\u00e1vel e a conserva\u00e7\u00e3o da natureza se relacionam? - Associa\u00e7\u00e3o BioLiving\",\"isPartOf\":{\"@id\":\"https:\\\/\\\/bioliving.pt\\\/#website\"},\"primaryImageOfPage\":{\"@id\":\"https:\\\/\\\/bioliving.pt\\\/como-e-que-o-envelhecimento-saudavel-e-a-conservacao-da-natureza-se-relacionam\\\/#primaryimage\"},\"image\":{\"@id\":\"https:\\\/\\\/bioliving.pt\\\/como-e-que-o-envelhecimento-saudavel-e-a-conservacao-da-natureza-se-relacionam\\\/#primaryimage\"},\"thumbnailUrl\":\"https:\\\/\\\/bioliving.pt\\\/wp-content\\\/uploads\\\/2025\\\/03\\\/450402114_897841262386907_8666763329351555938_n.jpg\",\"datePublished\":\"2024-11-29T15:37:17+00:00\",\"dateModified\":\"2025-03-12T16:55:55+00:00\",\"author\":{\"@id\":\"https:\\\/\\\/bioliving.pt\\\/#\\\/schema\\\/person\\\/a31cc013e33e54e89006d88edeb5ac4c\"},\"description\":\"O envelhecimento da popula\u00e7\u00e3o \u00e9 um desafio global com impactos sociais, econ\u00f3micos e de sa\u00fade. Ao mesmo tempo, a prote\u00e7\u00e3o ambiental e a luta contra as altera\u00e7\u00f5es clim\u00e1ticas exigem a participa\u00e7\u00e3o de toda a sociedade.\",\"breadcrumb\":{\"@id\":\"https:\\\/\\\/bioliving.pt\\\/como-e-que-o-envelhecimento-saudavel-e-a-conservacao-da-natureza-se-relacionam\\\/#breadcrumb\"},\"inLanguage\":\"en-GB\",\"potentialAction\":[{\"@type\":\"ReadAction\",\"target\":[\"https:\\\/\\\/bioliving.pt\\\/como-e-que-o-envelhecimento-saudavel-e-a-conservacao-da-natureza-se-relacionam\\\/\"]}]},{\"@type\":\"ImageObject\",\"inLanguage\":\"en-GB\",\"@id\":\"https:\\\/\\\/bioliving.pt\\\/como-e-que-o-envelhecimento-saudavel-e-a-conservacao-da-natureza-se-relacionam\\\/#primaryimage\",\"url\":\"https:\\\/\\\/bioliving.pt\\\/wp-content\\\/uploads\\\/2025\\\/03\\\/450402114_897841262386907_8666763329351555938_n.jpg\",\"contentUrl\":\"https:\\\/\\\/bioliving.pt\\\/wp-content\\\/uploads\\\/2025\\\/03\\\/450402114_897841262386907_8666763329351555938_n.jpg\",\"width\":1280,\"height\":960},{\"@type\":\"BreadcrumbList\",\"@id\":\"https:\\\/\\\/bioliving.pt\\\/como-e-que-o-envelhecimento-saudavel-e-a-conservacao-da-natureza-se-relacionam\\\/#breadcrumb\",\"itemListElement\":[{\"@type\":\"ListItem\",\"position\":1,\"name\":\"In\u00edcio\",\"item\":\"https:\\\/\\\/bioliving.pt\\\/\"},{\"@type\":\"ListItem\",\"position\":2,\"name\":\"Como \u00e9 que o envelhecimento saud\u00e1vel e a conserva\u00e7\u00e3o da natureza se relacionam?\"}]},{\"@type\":\"WebSite\",\"@id\":\"https:\\\/\\\/bioliving.pt\\\/#website\",\"url\":\"https:\\\/\\\/bioliving.pt\\\/\",\"name\":\"Associa\u00e7\u00e3o BioLiving\",\"description\":\"Natureza e Educa\u00e7\u00e3o para Todos\",\"alternateName\":\"BioLiving\",\"potentialAction\":[{\"@type\":\"SearchAction\",\"target\":{\"@type\":\"EntryPoint\",\"urlTemplate\":\"https:\\\/\\\/bioliving.pt\\\/?s={search_term_string}\"},\"query-input\":{\"@type\":\"PropertyValueSpecification\",\"valueRequired\":true,\"valueName\":\"search_term_string\"}}],\"inLanguage\":\"en-GB\"},{\"@type\":\"Person\",\"@id\":\"https:\\\/\\\/bioliving.pt\\\/#\\\/schema\\\/person\\\/a31cc013e33e54e89006d88edeb5ac4c\",\"name\":\"bioliving-admin\",\"image\":{\"@type\":\"ImageObject\",\"inLanguage\":\"en-GB\",\"@id\":\"https:\\\/\\\/secure.gravatar.com\\\/avatar\\\/36f7bb2028604c936841dee456f8eb14d070e4ad69e2c0879cfcf985fc035cf8?s=96&d=mm&r=g\",\"url\":\"https:\\\/\\\/secure.gravatar.com\\\/avatar\\\/36f7bb2028604c936841dee456f8eb14d070e4ad69e2c0879cfcf985fc035cf8?s=96&d=mm&r=g\",\"contentUrl\":\"https:\\\/\\\/secure.gravatar.com\\\/avatar\\\/36f7bb2028604c936841dee456f8eb14d070e4ad69e2c0879cfcf985fc035cf8?s=96&d=mm&r=g\",\"caption\":\"bioliving-admin\"},\"sameAs\":[\"https:\\\/\\\/bioliving.pt\"],\"url\":\"https:\\\/\\\/bioliving.pt\\\/en\\\/author\\\/bioliving-admin\\\/\"}]}<\/script>\n<!-- \/ Yoast SEO plugin. -->","yoast_head_json":{"title":"Como \u00e9 que o envelhecimento saud\u00e1vel e a conserva\u00e7\u00e3o da natureza se relacionam? - Associa\u00e7\u00e3o BioLiving","description":"O envelhecimento da popula\u00e7\u00e3o \u00e9 um desafio global com impactos sociais, econ\u00f3micos e de sa\u00fade. Ao mesmo tempo, a prote\u00e7\u00e3o ambiental e a luta contra as altera\u00e7\u00f5es clim\u00e1ticas exigem a participa\u00e7\u00e3o de toda a sociedade.","robots":{"index":"index","follow":"follow","max-snippet":"max-snippet:-1","max-image-preview":"max-image-preview:large","max-video-preview":"max-video-preview:-1"},"canonical":"https:\/\/bioliving.pt\/en\/como-e-que-o-envelhecimento-saudavel-e-a-conservacao-da-natureza-se-relacionam\/","og_locale":"en_GB","og_type":"article","og_title":"Como \u00e9 que o envelhecimento saud\u00e1vel e a conserva\u00e7\u00e3o da natureza se relacionam? - Associa\u00e7\u00e3o BioLiving","og_description":"O envelhecimento da popula\u00e7\u00e3o \u00e9 um desafio global com impactos sociais, econ\u00f3micos e de sa\u00fade. Ao mesmo tempo, a prote\u00e7\u00e3o ambiental e a luta contra as altera\u00e7\u00f5es clim\u00e1ticas exigem a participa\u00e7\u00e3o de toda a sociedade.","og_url":"https:\/\/bioliving.pt\/en\/como-e-que-o-envelhecimento-saudavel-e-a-conservacao-da-natureza-se-relacionam\/","og_site_name":"Associa\u00e7\u00e3o BioLiving","article_published_time":"2024-11-29T15:37:17+00:00","article_modified_time":"2025-03-12T16:55:55+00:00","og_image":[{"width":1365,"height":2048,"url":"https:\/\/bioliving.pt\/wp-content\/uploads\/2024\/09\/116336550_2918079315078768_3435946377123706547_n.jpg","type":"image\/jpeg"}],"author":"bioliving-admin","twitter_card":"summary_large_image","twitter_misc":{"Written by":"bioliving-admin","Estimated reading time":"4 minutes"},"schema":{"@context":"https:\/\/schema.org","@graph":[{"@type":"Article","@id":"https:\/\/bioliving.pt\/como-e-que-o-envelhecimento-saudavel-e-a-conservacao-da-natureza-se-relacionam\/#article","isPartOf":{"@id":"https:\/\/bioliving.pt\/como-e-que-o-envelhecimento-saudavel-e-a-conservacao-da-natureza-se-relacionam\/"},"author":{"name":"bioliving-admin","@id":"https:\/\/bioliving.pt\/#\/schema\/person\/a31cc013e33e54e89006d88edeb5ac4c"},"headline":"Como \u00e9 que o envelhecimento saud\u00e1vel e a conserva\u00e7\u00e3o da natureza se relacionam?","datePublished":"2024-11-29T15:37:17+00:00","dateModified":"2025-03-12T16:55:55+00:00","mainEntityOfPage":{"@id":"https:\/\/bioliving.pt\/como-e-que-o-envelhecimento-saudavel-e-a-conservacao-da-natureza-se-relacionam\/"},"wordCount":564,"commentCount":0,"image":{"@id":"https:\/\/bioliving.pt\/como-e-que-o-envelhecimento-saudavel-e-a-conservacao-da-natureza-se-relacionam\/#primaryimage"},"thumbnailUrl":"https:\/\/bioliving.pt\/wp-content\/uploads\/2025\/03\/450402114_897841262386907_8666763329351555938_n.jpg","keywords":["albergaria + ativa","ambiente","biodiversidade","Conserva\u00e7\u00e3o da Natureza","educa\u00e7\u00e3o","envelhecimento saud\u00e1vel","Erasmus+","grey4green","natureza","voluntariado"],"articleSection":["Projetos Europeus"],"inLanguage":"en-GB","potentialAction":[{"@type":"CommentAction","name":"Comment","target":["https:\/\/bioliving.pt\/como-e-que-o-envelhecimento-saudavel-e-a-conservacao-da-natureza-se-relacionam\/#respond"]}]},{"@type":"WebPage","@id":"https:\/\/bioliving.pt\/como-e-que-o-envelhecimento-saudavel-e-a-conservacao-da-natureza-se-relacionam\/","url":"https:\/\/bioliving.pt\/como-e-que-o-envelhecimento-saudavel-e-a-conservacao-da-natureza-se-relacionam\/","name":"Como \u00e9 que o envelhecimento saud\u00e1vel e a conserva\u00e7\u00e3o da natureza se relacionam? - Associa\u00e7\u00e3o BioLiving","isPartOf":{"@id":"https:\/\/bioliving.pt\/#website"},"primaryImageOfPage":{"@id":"https:\/\/bioliving.pt\/como-e-que-o-envelhecimento-saudavel-e-a-conservacao-da-natureza-se-relacionam\/#primaryimage"},"image":{"@id":"https:\/\/bioliving.pt\/como-e-que-o-envelhecimento-saudavel-e-a-conservacao-da-natureza-se-relacionam\/#primaryimage"},"thumbnailUrl":"https:\/\/bioliving.pt\/wp-content\/uploads\/2025\/03\/450402114_897841262386907_8666763329351555938_n.jpg","datePublished":"2024-11-29T15:37:17+00:00","dateModified":"2025-03-12T16:55:55+00:00","author":{"@id":"https:\/\/bioliving.pt\/#\/schema\/person\/a31cc013e33e54e89006d88edeb5ac4c"},"description":"O envelhecimento da popula\u00e7\u00e3o \u00e9 um desafio global com impactos sociais, econ\u00f3micos e de sa\u00fade. Ao mesmo tempo, a prote\u00e7\u00e3o ambiental e a luta contra as altera\u00e7\u00f5es clim\u00e1ticas exigem a participa\u00e7\u00e3o de toda a sociedade.","breadcrumb":{"@id":"https:\/\/bioliving.pt\/como-e-que-o-envelhecimento-saudavel-e-a-conservacao-da-natureza-se-relacionam\/#breadcrumb"},"inLanguage":"en-GB","potentialAction":[{"@type":"ReadAction","target":["https:\/\/bioliving.pt\/como-e-que-o-envelhecimento-saudavel-e-a-conservacao-da-natureza-se-relacionam\/"]}]},{"@type":"ImageObject","inLanguage":"en-GB","@id":"https:\/\/bioliving.pt\/como-e-que-o-envelhecimento-saudavel-e-a-conservacao-da-natureza-se-relacionam\/#primaryimage","url":"https:\/\/bioliving.pt\/wp-content\/uploads\/2025\/03\/450402114_897841262386907_8666763329351555938_n.jpg","contentUrl":"https:\/\/bioliving.pt\/wp-content\/uploads\/2025\/03\/450402114_897841262386907_8666763329351555938_n.jpg","width":1280,"height":960},{"@type":"BreadcrumbList","@id":"https:\/\/bioliving.pt\/como-e-que-o-envelhecimento-saudavel-e-a-conservacao-da-natureza-se-relacionam\/#breadcrumb","itemListElement":[{"@type":"ListItem","position":1,"name":"In\u00edcio","item":"https:\/\/bioliving.pt\/"},{"@type":"ListItem","position":2,"name":"Como \u00e9 que o envelhecimento saud\u00e1vel e a conserva\u00e7\u00e3o da natureza se relacionam?"}]},{"@type":"WebSite","@id":"https:\/\/bioliving.pt\/#website","url":"https:\/\/bioliving.pt\/","name":"Associa\u00e7\u00e3o BioLiving","description":"Nature and Education for All","alternateName":"BioLiving","potentialAction":[{"@type":"SearchAction","target":{"@type":"EntryPoint","urlTemplate":"https:\/\/bioliving.pt\/?s={search_term_string}"},"query-input":{"@type":"PropertyValueSpecification","valueRequired":true,"valueName":"search_term_string"}}],"inLanguage":"en-GB"},{"@type":"Person","@id":"https:\/\/bioliving.pt\/#\/schema\/person\/a31cc013e33e54e89006d88edeb5ac4c","name":"bioliving-admin","image":{"@type":"ImageObject","inLanguage":"en-GB","@id":"https:\/\/secure.gravatar.com\/avatar\/36f7bb2028604c936841dee456f8eb14d070e4ad69e2c0879cfcf985fc035cf8?s=96&d=mm&r=g","url":"https:\/\/secure.gravatar.com\/avatar\/36f7bb2028604c936841dee456f8eb14d070e4ad69e2c0879cfcf985fc035cf8?s=96&d=mm&r=g","contentUrl":"https:\/\/secure.gravatar.com\/avatar\/36f7bb2028604c936841dee456f8eb14d070e4ad69e2c0879cfcf985fc035cf8?s=96&d=mm&r=g","caption":"bioliving-admin"},"sameAs":["https:\/\/bioliving.pt"],"url":"https:\/\/bioliving.pt\/en\/author\/bioliving-admin\/"}]}},"_links":{"self":[{"href":"https:\/\/bioliving.pt\/en\/wp-json\/wp\/v2\/posts\/5640","targetHints":{"allow":["GET"]}}],"collection":[{"href":"https:\/\/bioliving.pt\/en\/wp-json\/wp\/v2\/posts"}],"about":[{"href":"https:\/\/bioliving.pt\/en\/wp-json\/wp\/v2\/types\/post"}],"author":[{"embeddable":true,"href":"https:\/\/bioliving.pt\/en\/wp-json\/wp\/v2\/users\/1"}],"replies":[{"embeddable":true,"href":"https:\/\/bioliving.pt\/en\/wp-json\/wp\/v2\/comments?post=5640"}],"version-history":[{"count":13,"href":"https:\/\/bioliving.pt\/en\/wp-json\/wp\/v2\/posts\/5640\/revisions"}],"predecessor-version":[{"id":5658,"href":"https:\/\/bioliving.pt\/en\/wp-json\/wp\/v2\/posts\/5640\/revisions\/5658"}],"wp:featuredmedia":[{"embeddable":true,"href":"https:\/\/bioliving.pt\/en\/wp-json\/wp\/v2\/media\/5642"}],"wp:attachment":[{"href":"https:\/\/bioliving.pt\/en\/wp-json\/wp\/v2\/media?parent=5640"}],"wp:term":[{"taxonomy":"category","embeddable":true,"href":"https:\/\/bioliving.pt\/en\/wp-json\/wp\/v2\/categories?post=5640"},{"taxonomy":"post_tag","embeddable":true,"href":"https:\/\/bioliving.pt\/en\/wp-json\/wp\/v2\/tags?post=5640"}],"curies":[{"name":"wp","href":"https:\/\/api.w.org\/{rel}","templated":true}]}}